{"id":344,"date":"2024-02-26T13:54:09","date_gmt":"2024-02-26T12:54:09","guid":{"rendered":"https:\/\/pixostudio.com\/?p=344"},"modified":"2024-02-26T14:38:11","modified_gmt":"2024-02-26T13:38:11","slug":"disenemos-una-malla-curricular-empresarial-juntos","status":"publish","type":"post","link":"https:\/\/pixostudio.com\/index.php\/2024\/02\/26\/disenemos-una-malla-curricular-empresarial-juntos\/","title":{"rendered":"Dise\u00f1ando una Malla Curricular Empresarial: Estrategias para el Desarrollo Efectivo del Equipo"},"content":{"rendered":"\n<p>En el din\u00e1mico entorno empresarial actual, la capacitaci\u00f3n y el desarrollo continuo del personal son fundamentales para el \u00e9xito y la competitividad de una empresa. Una herramienta clave para guiar este proceso es la malla curricular empresarial, un plan estructurado que define los objetivos de formaci\u00f3n, identifica las competencias necesarias y establece un camino claro para el aprendizaje y la mejora continua del equipo. Aqu\u00ed presentamos una gu\u00eda detallada sobre c\u00f3mo dise\u00f1ar una malla curricular efectiva para tu empresa.<\/p>\n\n\n\n<div class=\"wp-block-uagb-image uagb-block-c1f0814b wp-block-uagb-image--layout-default wp-block-uagb-image--effect-static wp-block-uagb-image--align-none\"><figure class=\"wp-block-uagb-image__figure\"><img loading=\"lazy\" decoding=\"async\" srcset=\"https:\/\/pixostudio.com\/wp-content\/uploads\/2024\/02\/malal-curricular-1024x449.jpg ,https:\/\/pixostudio.com\/wp-content\/uploads\/2024\/02\/malal-curricular.jpg 780w, https:\/\/pixostudio.com\/wp-content\/uploads\/2024\/02\/malal-curricular.jpg 360w\" sizes=\"auto, (max-width: 480px) 150px\" src=\"https:\/\/pixostudio.com\/wp-content\/uploads\/2024\/02\/malal-curricular-1024x449.jpg\" alt=\"\" class=\"uag-image-345\" width=\"1924\" height=\"843\" title=\"\" loading=\"lazy\"\/><\/figure><\/div>\n\n\n\n<p>Como es habitual, aqu\u00ed te dejo 5 tips y datos que te pueden ayudar al momento de crear una estrategias para el desarrollo efectivo de tu equipo:<\/p>\n\n\n\n<p><strong>1. Definir Objetivos Claros:<\/strong><\/p>\n\n\n\n<p>&nbsp;&nbsp;&nbsp;&#8211; Antes de comenzar a elaborar la malla curricular, es crucial tener una comprensi\u00f3n clara de los objetivos de formaci\u00f3n de la empresa. \u00bfCu\u00e1les son las metas espec\u00edficas que deseas alcanzar a trav\u00e9s de la capacitaci\u00f3n? Ya sea mejorar habilidades t\u00e9cnicas, fortalecer liderazgo o fomentar la innovaci\u00f3n, establecer objetivos claros es el primer paso para el \u00e9xito.<\/p>\n\n\n\n<p><strong>2. Analizar Competencias y Brechas:<\/strong><\/p>\n\n\n\n<p>&nbsp;&nbsp;&nbsp;&#8211; Realiza un an\u00e1lisis exhaustivo de las competencias necesarias para el \u00e9xito en tu industria y empresa. Identifica las brechas de conocimiento y habilidades actuales en tu equipo. Esto puede involucrar encuestas, evaluaciones de desempe\u00f1o y conversaciones con los empleados para obtener una visi\u00f3n completa.<\/p>\n\n\n\n<p><strong>3. Segmentar por M\u00f3dulos:<\/strong><\/p>\n\n\n\n<p>&nbsp;&nbsp;&nbsp;&#8211; Organiza la malla curricular en m\u00f3dulos que aborden conjuntos espec\u00edficos de habilidades o conocimientos. La segmentaci\u00f3n facilita la gesti\u00f3n y personalizaci\u00f3n de la formaci\u00f3n, permitiendo a los empleados avanzar de manera progresiva a trav\u00e9s de los contenidos.<\/p>\n\n\n\n<p><strong>4. Seleccionar M\u00e9todos de Ense\u00f1anza Adecuados:<\/strong><\/p>\n\n\n\n<p>&nbsp;&nbsp;&nbsp;&#8211; Elige m\u00e9todos de ense\u00f1anza que se adapten a los objetivos de cada m\u00f3dulo. Esto podr\u00eda incluir sesiones presenciales, cursos en l\u00ednea, simulaciones, tutor\u00edas o una combinaci\u00f3n de varios enfoques. La variedad de m\u00e9todos garantiza la efectividad para diferentes estilos de aprendizaje.<\/p>\n\n\n\n<p><strong>5. Incorporar Tecnolog\u00eda Educativa:<\/strong><\/p>\n\n\n\n<p>&nbsp;&nbsp;&nbsp;&#8211; Aprovecha la tecnolog\u00eda educativa para mejorar la accesibilidad y la eficacia de la formaci\u00f3n. Plataformas en l\u00ednea, herramientas de aprendizaje colaborativo y simulaciones virtuales pueden enriquecer la experiencia de aprendizaje y hacerla m\u00e1s interactiva.<\/p>\n\n\n<h2 class=\"wp-block-post-title\">Dise\u00f1ando una Malla Curricular Empresarial: Estrategias para el Desarrollo Efectivo del Equipo<\/h2>\n\n\n<div class=\"wp-block-uagb-marketing-button uagb-marketing-btn__align-center uagb-marketing-btn__align-text-center uagb-marketing-btn__icon-after uagb-block-9862d1b5 wp-block-button\"><a href=\"https:\/\/wa.me\/+573212884821\" class=\"uagb-marketing-btn__link wp-block-button__link\" target=\"\" rel=\"noopener noreferrer\"><span class=\"uagb-marketing-btn__title\">Nuestra estrategia empieza aqu\u00ed<\/span><svg xmlns=\"https:\/\/www.w3.org\/2000\/svg\" viewBox=\"0 0 512 512\"><path d=\"M384 320c-17.67 0-32 14.33-32 32v96H64V160h96c17.67 0 32-14.32 32-32s-14.33-32-32-32L64 96c-35.35 0-64 28.65-64 64V448c0 35.34 28.65 64 64 64h288c35.35 0 64-28.66 64-64v-96C416 334.3 401.7 320 384 320zM488 0H352c-12.94 0-24.62 7.797-29.56 19.75c-4.969 11.97-2.219 25.72 6.938 34.88L370.8 96L169.4 297.4c-12.5 12.5-12.5 32.75 0 45.25C175.6 348.9 183.8 352 192 352s16.38-3.125 22.62-9.375L416 141.3l41.38 41.38c9.156 9.141 22.88 11.84 34.88 6.938C504.2 184.6 512 172.9 512 160V24C512 10.74 501.3 0 488 0z\"><\/path><\/svg><p class=\"uagb-marketing-btn__prefix\">\u00a1Hoy comienza nuestra revoluci\u00f3n educativa en formaci\u00f3n empresarial!<\/p><\/a><\/div>\n","protected":false},"excerpt":{"rendered":"<p>En el din\u00e1mico entorno empresarial actual, la capacitaci\u00f3n y el desarrollo continuo del personal son fundamentales para el \u00e9xito y la competitividad de una empresa. Una herramienta clave para guiar este proceso es la malla curricular empresarial, un plan estructurado que define los objetivos de formaci\u00f3n, identifica las competencias necesarias y establece un camino claro [&hellip;]<\/p>\n","protected":false},"author":1,"featured_media":0,"comment_status":"open","ping_status":"open","sticky":false,"template":"","format":"standard","meta":{"content-type":"","_uag_custom_page_level_css":"","footnotes":""},"categories":[1],"tags":[],"class_list":["post-344","post","type-post","status-publish","format-standard","hentry","category-edtech_news"],"uagb_featured_image_src":{"full":false,"thumbnail":false,"medium":false,"medium_large":false,"large":false,"1536x1536":false,"2048x2048":false},"uagb_author_info":{"display_name":"soporte@pixostudio.com","author_link":"https:\/\/pixostudio.com\/author\/soportepixostudio-com\/"},"uagb_comment_info":37,"uagb_excerpt":"En el din\u00e1mico entorno empresarial actual, la capacitaci\u00f3n y el desarrollo continuo del personal son fundamentales para el \u00e9xito y la competitividad de una empresa. Una herramienta clave para guiar este proceso es la malla curricular empresarial, un plan estructurado que define los objetivos de formaci\u00f3n, identifica las competencias necesarias y establece un camino claro&hellip;","_links":{"self":[{"href":"https:\/\/pixostudio.com\/index.php\/wp-json\/wp\/v2\/posts\/344","targetHints":{"allow":["GET"]}}],"collection":[{"href":"https:\/\/pixostudio.com\/index.php\/wp-json\/wp\/v2\/posts"}],"about":[{"href":"https:\/\/pixostudio.com\/index.php\/wp-json\/wp\/v2\/types\/post"}],"author":[{"embeddable":true,"href":"https:\/\/pixostudio.com\/index.php\/wp-json\/wp\/v2\/users\/1"}],"replies":[{"embeddable":true,"href":"https:\/\/pixostudio.com\/index.php\/wp-json\/wp\/v2\/comments?post=344"}],"version-history":[{"count":2,"href":"https:\/\/pixostudio.com\/index.php\/wp-json\/wp\/v2\/posts\/344\/revisions"}],"predecessor-version":[{"id":347,"href":"https:\/\/pixostudio.com\/index.php\/wp-json\/wp\/v2\/posts\/344\/revisions\/347"}],"wp:attachment":[{"href":"https:\/\/pixostudio.com\/index.php\/wp-json\/wp\/v2\/media?parent=344"}],"wp:term":[{"taxonomy":"category","embeddable":true,"href":"https:\/\/pixostudio.com\/index.php\/wp-json\/wp\/v2\/categories?post=344"},{"taxonomy":"post_tag","embeddable":true,"href":"https:\/\/pixostudio.com\/index.php\/wp-json\/wp\/v2\/tags?post=344"}],"curies":[{"name":"wp","href":"https:\/\/api.w.org\/{rel}","templated":true}]}}